{"id":1402,"date":"2018-05-25T09:11:11","date_gmt":"2018-05-25T09:11:11","guid":{"rendered":"https:\/\/www.mniskanen.fi\/?p=1402"},"modified":"2024-04-25T07:41:19","modified_gmt":"2024-04-25T07:41:19","slug":"rekisteriseloste","status":"publish","type":"post","link":"https:\/\/www.mniskanen.fi\/?p=1402","title":{"rendered":"Rekisteriseloste"},"content":{"rendered":"<p style=\"margin: 0cm; background: white;\"><strong><span style=\"font-family: Karla; color: #4c4c4c;\">Rekisteriseloste<\/span><\/strong><span style=\"font-family: Karla; color: #4c4c4c;\"><br style=\"box-sizing: border-box;\" \/>Eu-tietosuoja-asetus (General Data Protection Regulation, GDPR) voimaan 25.5.2018<\/span><\/p>\n<p style=\"margin: 0cm; background: white; box-sizing: border-box; font-variant-ligatures: normal; font-variant-caps: normal; orphans: 2; text-align: start; widows: 2; -webkit-text-stroke-width: 0px; text-decoration-thickness: initial; text-decoration-style: initial; text-decoration-color: initial; word-spacing: 0px;\"><strong style=\"box-sizing: border-box;\"><span style=\"font-family: Karla; color: #4c4c4c;\">Rekisterinpit\u00e4j\u00e4<\/span><\/strong><span style=\"font-family: Karla; color: #4c4c4c;\"><br style=\"box-sizing: border-box;\" \/>Mika K. Niskanen Oy \/ MatkaSavo<br style=\"box-sizing: border-box;\" \/>Ratakatu 6. 74120 Iisalmi<\/span><\/p>\n<p style=\"margin: 0cm; background: white; box-sizing: border-box; font-variant-ligatures: normal; font-variant-caps: normal; orphans: 2; text-align: start; widows: 2; -webkit-text-stroke-width: 0px; text-decoration-thickness: initial; text-decoration-style: initial; text-decoration-color: initial; word-spacing: 0px;\"><strong style=\"box-sizing: border-box;\"><span style=\"font-family: Karla; color: #4c4c4c;\">Yhteyshenkil\u00f6<\/span><\/strong><span style=\"font-family: Karla; color: #4c4c4c;\"><br style=\"box-sizing: border-box;\" \/>Sara Niskanen toimisto@mniskanen.fi<\/span><\/p>\n<p style=\"margin: 0cm; background: white; box-sizing: border-box; font-variant-ligatures: normal; font-variant-caps: normal; orphans: 2; text-align: start; widows: 2; -webkit-text-stroke-width: 0px; text-decoration-thickness: initial; text-decoration-style: initial; text-decoration-color: initial; word-spacing: 0px;\"><strong style=\"box-sizing: border-box;\"><span style=\"font-family: Karla; color: #4c4c4c;\">Rekisterin nimi<\/span><\/strong><span style=\"font-family: Karla; color: #4c4c4c;\"><br style=\"box-sizing: border-box;\" \/>www.mniskanen.fi tilausajot, matkatoimisto, www.matkasavo.fi<\/span><\/p>\n<p style=\"margin: 0cm; background: white; box-sizing: border-box; font-variant-ligatures: normal; font-variant-caps: normal; orphans: 2; text-align: start; widows: 2; -webkit-text-stroke-width: 0px; text-decoration-thickness: initial; text-decoration-style: initial; text-decoration-color: initial; word-spacing: 0px;\"><strong style=\"box-sizing: border-box;\"><span style=\"font-family: Karla; color: #4c4c4c;\">Henkil\u00f6tietojen k\u00e4sittelyn tarkoitus<\/span><\/strong><span style=\"font-family: Karla; color: #4c4c4c;\"><br style=\"box-sizing: border-box;\" \/>Henkil\u00f6tietojen k\u00e4sittely liittyy sovittujen palveluiden tuottamiseen, toimittamiseen, laskuttamiseen, tiedottamiseen sek\u00e4 asiakassuhteiden hoitamiseen ja kehitt\u00e4miseen.<\/span><\/p>\n<p style=\"margin: 0cm; background: white; box-sizing: border-box; font-variant-ligatures: normal; font-variant-caps: normal; orphans: 2; text-align: start; widows: 2; -webkit-text-stroke-width: 0px; text-decoration-thickness: initial; text-decoration-style: initial; text-decoration-color: initial; word-spacing: 0px;\"><strong style=\"box-sizing: border-box;\"><span style=\"font-family: Karla; color: #4c4c4c;\">Rekisterin sis\u00e4lt\u00f6<\/span><\/strong><span style=\"font-family: Karla; color: #4c4c4c;\"><br style=\"box-sizing: border-box;\" \/>Asiakkaan perustiedot: nimi, osoite, postinumero, postitoimipaikka, puhelin ja s\u00e4hk\u00f6posti. Rekisteri sis\u00e4lt\u00e4\u00e4 perusyhteystietojen lis\u00e4ksi matkan varaukseen tarvittavia lis\u00e4tietoja, kuten valitun matka-ajankohdan, varausp\u00e4iv\u00e4n, syntym\u00e4ajan, muun matkaseurueen nimet ja syntym\u00e4ajat sek\u00e4 muut asiakkaan antamat lis\u00e4tiedot matkaan liittyen.<\/span><\/p>\n<p style=\"margin: 0cm; background: white; box-sizing: border-box; font-variant-ligatures: normal; font-variant-caps: normal; orphans: 2; text-align: start; widows: 2; -webkit-text-stroke-width: 0px; text-decoration-thickness: initial; text-decoration-style: initial; text-decoration-color: initial; word-spacing: 0px;\"><strong style=\"box-sizing: border-box;\"><span style=\"font-family: Karla; color: #4c4c4c;\">S\u00e4\u00e4nn\u00f6nmukaiset tietol\u00e4hteet<\/span><\/strong><span style=\"font-family: Karla; color: #4c4c4c;\"><br style=\"box-sizing: border-box;\" \/>Asiakkaaseen ja matkan varaukseen liittyv\u00e4t tiedot tallennetaan matkan varauksen yhteydess\u00e4 omaan rekisteriin.<\/span><\/p>\n<p style=\"margin: 0cm; background: white; box-sizing: border-box; font-variant-ligatures: normal; font-variant-caps: normal; orphans: 2; text-align: start; widows: 2; -webkit-text-stroke-width: 0px; text-decoration-thickness: initial; text-decoration-style: initial; text-decoration-color: initial; word-spacing: 0px;\"><strong style=\"box-sizing: border-box;\"><span style=\"font-family: Karla; color: #4c4c4c;\">Tietojen luovuttaminen ja tietojen siirto Euroopan unionin tai Euroopan talousalueen ulkopuolelle<\/span><\/strong><span style=\"font-family: Karla; color: #4c4c4c;\"><br style=\"box-sizing: border-box;\" \/>Tilaustietorekisteri\u00e4 ei luovuteta ulkopuolisille tahoille. Asiakastietoja luovutetaan tarvittaessa matkan tai palvelun toteutuksen edellytt\u00e4mille kolmansille osapuolille, kuten laivayhti\u00f6 tai majoituspalveluntuottaja. Asiakastietoja voidaan luovuttaa viranomaisille voimassa olevan lains\u00e4\u00e4d\u00e4nn\u00f6n sallimissa ja velvoittamissa rajoissa.<\/span><\/p>\n<p style=\"margin: 0cm; background: white; box-sizing: border-box; font-variant-ligatures: normal; font-variant-caps: normal; orphans: 2; text-align: start; widows: 2; -webkit-text-stroke-width: 0px; text-decoration-thickness: initial; text-decoration-style: initial; text-decoration-color: initial; word-spacing: 0px;\"><strong style=\"box-sizing: border-box;\"><span style=\"font-family: Karla; color: #4c4c4c;\">Rekisterin suojauksen periaatteet<\/span><\/strong><span style=\"font-family: Karla; color: #4c4c4c;\"><br style=\"box-sizing: border-box;\" \/>Rekisterinpit\u00e4j\u00e4n tietoj\u00e4rjestelm\u00e4 sek\u00e4 tiedostot on suojattu normaalisti k\u00e4yt\u00f6ss\u00e4 olevilla teknisill\u00e4 suojausmenetelmill\u00e4. Rekisterin k\u00e4ytt\u00f6oikeus edellytt\u00e4\u00e4 henkil\u00f6kohtaista k\u00e4ytt\u00e4j\u00e4tunnusta ja salasanaa, jotka my\u00f6nnet\u00e4\u00e4n vain rekisterinpit\u00e4j\u00e4n henkil\u00f6kuntaan kuuluvalle, jonka asemaan ja teht\u00e4viin mainittu k\u00e4ytt\u00f6oikeus kuuluu.<\/span><\/p>\n","protected":false},"excerpt":{"rendered":"<p>RekisteriselosteEu-tietosuoja-asetus (General Data Protection Regulation, GDPR) voimaan 25.5.2018 Rekisterinpit\u00e4j\u00e4Mika K. Niskanen Oy \/ MatkaSavoRatakatu 6. 74120 Iisalmi Yhteyshenkil\u00f6Sara Niskanen toimisto@mniskanen.fi Rekisterin nimiwww.mniskanen.fi tilausajot, matkatoimisto, www.matkasavo.fi Henkil\u00f6tietojen k\u00e4sittelyn tarkoitusHenkil\u00f6tietojen k\u00e4sittely liittyy sovittujen palveluiden tuottamiseen, toimittamiseen, laskuttamiseen, tiedottamiseen sek\u00e4 asiakassuhteiden hoitamiseen ja kehitt\u00e4miseen. Rekisterin sis\u00e4lt\u00f6Asiakkaan perustiedot: nimi, osoite, postinumero, postitoimipaikka, puhelin ja s\u00e4hk\u00f6posti. Rekisteri sis\u00e4lt\u00e4\u00e4 perusyhteystietojen lis\u00e4ksi matkan varaukseen tarvittavia lis\u00e4tietoja, kuten valitun matka-ajankohdan, varausp\u00e4iv\u00e4n, syntym\u00e4ajan, muun matkaseurueen nimet ja syntym\u00e4ajat sek\u00e4 muut asiakkaan antamat lis\u00e4tiedot matkaan liittyen. S\u00e4\u00e4nn\u00f6nmukaiset tietol\u00e4hteetAsiakkaaseen ja matkan varaukseen liittyv\u00e4t tiedot tallennetaan matkan varauksen yhteydess\u00e4 omaan rekisteriin. Tietojen luovuttaminen ja tietojen siirto Euroopan unionin tai Euroopan talousalueen ulkopuolelleTilaustietorekisteri\u00e4&#8230; <\/p>\n","protected":false},"author":2,"featured_media":1474,"comment_status":"open","ping_status":"closed","sticky":false,"template":"","format":"standard","meta":{"footnotes":""},"categories":[1],"tags":[],"class_list":["post-1402","post","type-post","status-publish","format-standard","has-post-thumbnail","hentry","category-uncategorized"],"_links":{"self":[{"href":"https:\/\/www.mniskanen.fi\/index.php?rest_route=\/wp\/v2\/posts\/1402","targetHints":{"allow":["GET"]}}],"collection":[{"href":"https:\/\/www.mniskanen.fi\/index.php?rest_route=\/wp\/v2\/posts"}],"about":[{"href":"https:\/\/www.mniskanen.fi\/index.php?rest_route=\/wp\/v2\/types\/post"}],"author":[{"embeddable":true,"href":"https:\/\/www.mniskanen.fi\/index.php?rest_route=\/wp\/v2\/users\/2"}],"replies":[{"embeddable":true,"href":"https:\/\/www.mniskanen.fi\/index.php?rest_route=%2Fwp%2Fv2%2Fcomments&post=1402"}],"version-history":[{"count":1,"href":"https:\/\/www.mniskanen.fi\/index.php?rest_route=\/wp\/v2\/posts\/1402\/revisions"}],"predecessor-version":[{"id":1403,"href":"https:\/\/www.mniskanen.fi\/index.php?rest_route=\/wp\/v2\/posts\/1402\/revisions\/1403"}],"wp:featuredmedia":[{"embeddable":true,"href":"https:\/\/www.mniskanen.fi\/index.php?rest_route=\/wp\/v2\/media\/1474"}],"wp:attachment":[{"href":"https:\/\/www.mniskanen.fi\/index.php?rest_route=%2Fwp%2Fv2%2Fmedia&parent=1402"}],"wp:term":[{"taxonomy":"category","embeddable":true,"href":"https:\/\/www.mniskanen.fi\/index.php?rest_route=%2Fwp%2Fv2%2Fcategories&post=1402"},{"taxonomy":"post_tag","embeddable":true,"href":"https:\/\/www.mniskanen.fi\/index.php?rest_route=%2Fwp%2Fv2%2Ftags&post=1402"}],"curies":[{"name":"wp","href":"https:\/\/api.w.org\/{rel}","templated":true}]}}